[{"@context":"https:\/\/schema.org\/","@type":"Article","@id":"https:\/\/www.pallo.cz\/pronajem-chalupa\/#Article","mainEntityOfPage":"https:\/\/www.pallo.cz\/pronajem-chalupa\/","headline":"Pron\u00e1jem chalupa","name":"Pron\u00e1jem chalupa","description":"Dob\u0159e v\u00edte, jak n\u00e1ro\u010dn\u00e9 je v zim\u011b sehnatpron\u00e1jem chalupa, kter\u00e1 by v\u00e1m poslou\u017eila pro str\u00e1ven\u00ed p\u0159\u00edjemn\u00e9ho \u010dasu V\u00e1noc nebo p\u0159iv\u00edt\u00e1n\u00ed Nov\u00e9ho roku v podob\u011b, jakou m\u00e1te r\u00e1di. M\u016f\u017eete vyrazit na ly\u017ee, kdykoliv se v\u00e1m to zachce, tr\u00e1v\u00edte p\u0159\u00edjemn\u00e9 chv\u00edle u krbu se \u0161\u00e1lkem lahodn\u00e9ho \u010daje, prost\u011b zimn\u00ed \u010das tr\u00e1v\u00edte tak,...","datePublished":"2025-04-28","dateModified":"2025-04-28","author":{"@type":"Person","@id":"https:\/\/www.pallo.cz\/author\/#Person","name":"","url":"https:\/\/www.pallo.cz\/author\/","identifier":1,"image":{"@type":"ImageObject","@id":"https:\/\/secure.gravatar.com\/avatar\/b70ca3e57a61efa655568ea1bab21ec867ae74beaf8b182b9ca53fe6fcb8cee7?s=96&d=mm&r=g","url":"https:\/\/secure.gravatar.com\/avatar\/b70ca3e57a61efa655568ea1bab21ec867ae74beaf8b182b9ca53fe6fcb8cee7?s=96&d=mm&r=g","height":96,"width":96}},"publisher":{"@type":"Organization","name":"pallo.cz","logo":{"@type":"ImageObject","@id":"\/logo.png","url":"\/logo.png","width":600,"height":60}},"url":"https:\/\/www.pallo.cz\/pronajem-chalupa\/","wordCount":157,"articleBody":" Dob\u0159e v\u00edte, jak n\u00e1ro\u010dn\u00e9 je v zim\u011b sehnatpron\u00e1jem chalupa, kter\u00e1 by v\u00e1m poslou\u017eila pro str\u00e1ven\u00ed p\u0159\u00edjemn\u00e9ho \u010dasu V\u00e1noc nebo p\u0159iv\u00edt\u00e1n\u00ed Nov\u00e9ho roku v podob\u011b, jakou m\u00e1te r\u00e1di. M\u016f\u017eete vyrazit na ly\u017ee, kdykoliv se v\u00e1m to zachce, tr\u00e1v\u00edte p\u0159\u00edjemn\u00e9 chv\u00edle u krbu se \u0161\u00e1lkem lahodn\u00e9ho \u010daje, prost\u011b zimn\u00ed \u010das tr\u00e1v\u00edte tak, jak to sami m\u00e1te nejrad\u011bji. \u017d\u00e1dn\u00fd stres P\u0159edejd\u011bte tedy stresu a vyberte si pron\u00e1jem chalupa,ji\u017e nyn\u00ed, abyste m\u011bli dop\u0159edu zaji\u0161t\u011bn\u00e9 ubytov\u00e1n\u00ed na zimu, kter\u00e9 si p\u0159ejete. Budete m\u00edt \u010das rozj\u00edmat nad t\u00edm, kam vyraz\u00edte tentokr\u00e1t a jak\u00e9 z\u00e1\u017eitky si na dan\u00e9m m\u00edst\u011b dop\u0159ejete. Vyb\u00edrejte prost\u0159ednictv\u00edm na\u0161eho port\u00e1lu, jist\u011b objev\u00edte to, co hled\u00e1te.                                                                                                                                                                                                                                                                                                                                                                                                "},{"@context":"https:\/\/schema.org\/","@type":"BreadcrumbList","itemListElement":[{"@type":"ListItem","position":1,"name":"Pron\u00e1jem chalupa","item":"https:\/\/www.pallo.cz\/pronajem-chalupa\/#breadcrumbitem"}]}]